{"id":17600,"date":"2023-01-24T14:24:46","date_gmt":"2023-01-24T12:24:46","guid":{"rendered":"https:\/\/destinia.com\/guides\/melhores-viagens-e-excursoes-de-sevilha\/"},"modified":"2023-11-27T16:03:01","modified_gmt":"2023-11-27T14:03:01","slug":"melhores-viagens-e-excursoes-de-sevilha","status":"publish","type":"post","link":"https:\/\/destinia.com\/guides\/pt-pt\/melhores-viagens-e-excursoes-de-sevilha\/","title":{"rendered":"Melhores Viagens e Excurs\u00f5es de Sevilha"},"content":{"rendered":"<p>A cidade de Sevilha est\u00e1 pr\u00f3xima de cidades e vilas com muita hist\u00f3ria e uma geografia muito variada de <strong>zonas rurais, praias e montanhas<\/strong>. Uma variedade e riqueza \u00fanicas para que possa decidir qual dos melhores passeios e excurs\u00f5es di\u00e1rias que gostaria de fazer a partir de Sevilha, para fazer uma pausa na az\u00e1fama da cidade e ao mesmo tempo conhecer a prov\u00edncia e outros recantos pr\u00f3ximos da Andaluzia.<\/p>\n<h2>Carmona e a zona rural sevilhana<\/h2>\n<p>A meia hora de carro de Sevilha s\u00e3o as aldeias pertencentes \u00e0 zona rural sevilhana, na vasta regi\u00e3o do Vale do Guadalquivir. Os destaques desta regi\u00e3o s\u00e3o os seus restos arqueol\u00f3gicos e o seu patrim\u00f3nio hist\u00f3rico, cultural, art\u00edstico e gastron\u00f3mico. Visitar as suas ruas \u00e9 <strong>ver milhares de anos de hist\u00f3ria viver e dirigir-se num s\u00f3 lugar<\/strong>. Destacam-se as muralhas \u00e1rabes, que est\u00e3o em perfeito estado de conserva\u00e7\u00e3o, bem como o Alc\u00e1zar del Rey Don Pedro, o bairro judeu e a necr\u00f3pole romana.<\/p>\n<div id=\"attachment_23495\" style=\"width: 1930px\" class=\"wp-caption aligncenter\"><img decoding=\"async\" aria-describedby=\"caption-attachment-23495\" class=\"lazyload wp-image-23495 size-full\" src=\"https:\/\/destinia.com\/guides\/wp-content\/uploads\/2023\/01\/Carmona-seville-spain.webp\" data-orig-src=\"https:\/\/destinia.com\/guides\/wp-content\/uploads\/2023\/01\/Carmona-seville-spain.webp\" alt=\"Campo de Carmona\" width=\"1920\" height=\"1280\" srcset=\"data:image\/svg+xml,%3Csvg%20xmlns%3D%27http%3A%2F%2Fwww.w3.org%2F2000%2Fsvg%27%20width%3D%271920%27%20height%3D%271280%27%20viewBox%3D%270%200%201920%201280%27%3E%3Crect%20width%3D%271920%27%20height%3D%271280%27%20fill-opacity%3D%220%22%2F%3E%3C%2Fsvg%3E\" data-srcset=\"https:\/\/destinia.com\/guides\/wp-content\/uploads\/2023\/01\/Carmona-seville-spain-200x133.webp 200w, https:\/\/destinia.com\/guides\/wp-content\/uploads\/2023\/01\/Carmona-seville-spain-300x200.webp 300w, https:\/\/destinia.com\/guides\/wp-content\/uploads\/2023\/01\/Carmona-seville-spain-400x267.webp 400w, https:\/\/destinia.com\/guides\/wp-content\/uploads\/2023\/01\/Carmona-seville-spain-600x400.webp 600w, https:\/\/destinia.com\/guides\/wp-content\/uploads\/2023\/01\/Carmona-seville-spain-768x512.webp 768w, https:\/\/destinia.com\/guides\/wp-content\/uploads\/2023\/01\/Carmona-seville-spain-800x533.webp 800w, https:\/\/destinia.com\/guides\/wp-content\/uploads\/2023\/01\/Carmona-seville-spain-1024x683.webp 1024w, https:\/\/destinia.com\/guides\/wp-content\/uploads\/2023\/01\/Carmona-seville-spain-1200x800.webp 1200w, https:\/\/destinia.com\/guides\/wp-content\/uploads\/2023\/01\/Carmona-seville-spain-1536x1024.webp 1536w, https:\/\/destinia.com\/guides\/wp-content\/uploads\/2023\/01\/Carmona-seville-spain.webp 1920w\" data-sizes=\"auto\" data-orig-sizes=\"(max-width: 1920px) 100vw, 1920px\" \/><p id=\"caption-attachment-23495\" class=\"wp-caption-text\">Campo de Carmona<\/p><\/div>\n<h2>Uma viagem \u00e0 praia<\/h2>\n<p>Embora Sevilha n\u00e3o tenha praia, tamb\u00e9m \u00e9 verdade que est\u00e1 bastante perto da costa e \u00e9 muito conveniente fazer uma viagem de um dia para desfrutar do mar. Em apenas uma hora e meia de carro pode estar em Matalasca\u00f1as, o lugar mais popular de Sevilha e <strong>localizado no cora\u00e7\u00e3o do Parque Natural de Do\u00f1ana<\/strong>, com um ambiente familiar e muitos bares e restaurantes. Os pores-do-sol junto ao mar nesta aldeia s\u00e3o imperd\u00edveis. Outra praia pr\u00f3xima \u00e9 Islantilla, que se destaca pela sua areia fina e pela sua largura de mais de um quil\u00f3metro e meio. As praias de Mazag\u00f3n, Ca\u00f1o de la Culata e Isla Canela s\u00e3o tamb\u00e9m dignas de men\u00e7\u00e3o.<\/p>\n<div id=\"attachment_23501\" style=\"width: 1930px\" class=\"wp-caption aligncenter\"><img decoding=\"async\" aria-describedby=\"caption-attachment-23501\" class=\"lazyload wp-image-23501 size-full\" src=\"https:\/\/destinia.com\/guides\/wp-content\/uploads\/2023\/01\/mazagon-beach-spain.webp\" data-orig-src=\"https:\/\/destinia.com\/guides\/wp-content\/uploads\/2023\/01\/mazagon-beach-spain.webp\" alt=\"Praias de Mazag\u00f3n\" width=\"1920\" height=\"1272\" srcset=\"data:image\/svg+xml,%3Csvg%20xmlns%3D%27http%3A%2F%2Fwww.w3.org%2F2000%2Fsvg%27%20width%3D%271920%27%20height%3D%271272%27%20viewBox%3D%270%200%201920%201272%27%3E%3Crect%20width%3D%271920%27%20height%3D%271272%27%20fill-opacity%3D%220%22%2F%3E%3C%2Fsvg%3E\" data-srcset=\"https:\/\/destinia.com\/guides\/wp-content\/uploads\/2023\/01\/mazagon-beach-spain-200x133.webp 200w, https:\/\/destinia.com\/guides\/wp-content\/uploads\/2023\/01\/mazagon-beach-spain-300x199.webp 300w, https:\/\/destinia.com\/guides\/wp-content\/uploads\/2023\/01\/mazagon-beach-spain-400x265.webp 400w, https:\/\/destinia.com\/guides\/wp-content\/uploads\/2023\/01\/mazagon-beach-spain-600x398.webp 600w, https:\/\/destinia.com\/guides\/wp-content\/uploads\/2023\/01\/mazagon-beach-spain-768x509.webp 768w, https:\/\/destinia.com\/guides\/wp-content\/uploads\/2023\/01\/mazagon-beach-spain-800x530.webp 800w, https:\/\/destinia.com\/guides\/wp-content\/uploads\/2023\/01\/mazagon-beach-spain-1024x678.webp 1024w, https:\/\/destinia.com\/guides\/wp-content\/uploads\/2023\/01\/mazagon-beach-spain-1200x795.webp 1200w, https:\/\/destinia.com\/guides\/wp-content\/uploads\/2023\/01\/mazagon-beach-spain-1536x1018.webp 1536w, https:\/\/destinia.com\/guides\/wp-content\/uploads\/2023\/01\/mazagon-beach-spain.webp 1920w\" data-sizes=\"auto\" data-orig-sizes=\"(max-width: 1920px) 100vw, 1920px\" \/><p id=\"caption-attachment-23501\" class=\"wp-caption-text\">Praias de Mazag\u00f3n<\/p><\/div>\n<h2>Caminito del Rey<\/h2>\n<p>Na prov\u00edncia de M\u00e1laga, a 150 km da cidade de Sevilha, pode descobrir uma <a href=\"https:\/\/www.caminitodelrey.info\/\" target=\"_blank\" rel=\"nofollow noopener\">caracter\u00edstica geogr\u00e1fica<\/a> verdadeiramente surpreendente. \u00c9 uma ponte pedonal suspensa entre paredes verticais \u00edngremes no Desfiladero de los Gaitanes, localizada a mais de 100 metros acima do rio Guadalhorce. H\u00e1 alguns anos atr\u00e1s, todo o complexo foi remodelado para visitas tur\u00edsticas e o passadi\u00e7o e acessos foram refor\u00e7ados para proporcionar maior seguran\u00e7a. \u00c9 uma viagem de duas horas e \u00e9 a melhor forma de chegar \u00e0 zona.<\/p>\n<div id=\"attachment_23512\" style=\"width: 1930px\" class=\"wp-caption aligncenter\"><img decoding=\"async\" aria-describedby=\"caption-attachment-23512\" class=\"lazyload wp-image-23512 size-full\" src=\"https:\/\/destinia.com\/guides\/wp-content\/uploads\/2023\/01\/king-little-path-spain.webp\" data-orig-src=\"https:\/\/destinia.com\/guides\/wp-content\/uploads\/2023\/01\/king-little-path-spain.webp\" alt=\"Caminito del Rey\" width=\"1920\" height=\"1278\" srcset=\"data:image\/svg+xml,%3Csvg%20xmlns%3D%27http%3A%2F%2Fwww.w3.org%2F2000%2Fsvg%27%20width%3D%271920%27%20height%3D%271278%27%20viewBox%3D%270%200%201920%201278%27%3E%3Crect%20width%3D%271920%27%20height%3D%271278%27%20fill-opacity%3D%220%22%2F%3E%3C%2Fsvg%3E\" data-srcset=\"https:\/\/destinia.com\/guides\/wp-content\/uploads\/2023\/01\/king-little-path-spain-200x133.webp 200w, https:\/\/destinia.com\/guides\/wp-content\/uploads\/2023\/01\/king-little-path-spain-300x200.webp 300w, https:\/\/destinia.com\/guides\/wp-content\/uploads\/2023\/01\/king-little-path-spain-400x266.webp 400w, https:\/\/destinia.com\/guides\/wp-content\/uploads\/2023\/01\/king-little-path-spain-600x399.webp 600w, https:\/\/destinia.com\/guides\/wp-content\/uploads\/2023\/01\/king-little-path-spain-768x511.webp 768w, https:\/\/destinia.com\/guides\/wp-content\/uploads\/2023\/01\/king-little-path-spain-800x533.webp 800w, https:\/\/destinia.com\/guides\/wp-content\/uploads\/2023\/01\/king-little-path-spain-1024x682.webp 1024w, https:\/\/destinia.com\/guides\/wp-content\/uploads\/2023\/01\/king-little-path-spain-1200x799.webp 1200w, https:\/\/destinia.com\/guides\/wp-content\/uploads\/2023\/01\/king-little-path-spain-1536x1022.webp 1536w, https:\/\/destinia.com\/guides\/wp-content\/uploads\/2023\/01\/king-little-path-spain.webp 1920w\" data-sizes=\"auto\" data-orig-sizes=\"(max-width: 1920px) 100vw, 1920px\" \/><p id=\"caption-attachment-23512\" class=\"wp-caption-text\">Caminito del Rey<\/p><\/div>\n<h2>Parque Mineiro Rio Tinto<\/h2>\n<p>Em meados do s\u00e9culo XIX, a empresa brit\u00e2nica fundou a Rio Tinto Company Limited a pouco mais de uma hora de Sevilha, numa zona mineira que funcionava como tal desde os tempos antigos. Hoje, o local foi transformado num parque tem\u00e1tico que conta a hist\u00f3ria das minas e ostenta uma paisagem maravilhosa, semelhante \u00e0 superf\u00edcie da lua. Dentro do <a href=\"https:\/\/parquemineroderiotinto.es\/\" target=\"_blank\" rel=\"nofollow noopener\">Parque Mineiro Rio Tinto<\/a> encontra-se um museu alojado no antigo edif\u00edcio hospitalar da empresa, que exibe comboios antigos e recria uma mina da era romana. Pode tamb\u00e9m desfrutar de um <strong>passeio num comboio do s\u00e9culo XIX<\/strong>, contemplando a paisagem e as antigas instala\u00e7\u00f5es da empresa mineira, com as \u00e1guas vermelhas do \u00fanico rio Tinto como pano de fundo.<\/p>\n<div id=\"attachment_23518\" style=\"width: 1930px\" class=\"wp-caption aligncenter\"><img decoding=\"async\" aria-describedby=\"caption-attachment-23518\" class=\"lazyload wp-image-23518 size-full\" src=\"https:\/\/destinia.com\/guides\/wp-content\/uploads\/2023\/01\/riotinto-spain.webp\" data-orig-src=\"https:\/\/destinia.com\/guides\/wp-content\/uploads\/2023\/01\/riotinto-spain.webp\" alt=\"Parque Mineiro Rio Tinto\" width=\"1920\" height=\"1272\" srcset=\"data:image\/svg+xml,%3Csvg%20xmlns%3D%27http%3A%2F%2Fwww.w3.org%2F2000%2Fsvg%27%20width%3D%271920%27%20height%3D%271272%27%20viewBox%3D%270%200%201920%201272%27%3E%3Crect%20width%3D%271920%27%20height%3D%271272%27%20fill-opacity%3D%220%22%2F%3E%3C%2Fsvg%3E\" data-srcset=\"https:\/\/destinia.com\/guides\/wp-content\/uploads\/2023\/01\/riotinto-spain-200x133.webp 200w, https:\/\/destinia.com\/guides\/wp-content\/uploads\/2023\/01\/riotinto-spain-300x199.webp 300w, https:\/\/destinia.com\/guides\/wp-content\/uploads\/2023\/01\/riotinto-spain-400x265.webp 400w, https:\/\/destinia.com\/guides\/wp-content\/uploads\/2023\/01\/riotinto-spain-600x398.webp 600w, https:\/\/destinia.com\/guides\/wp-content\/uploads\/2023\/01\/riotinto-spain-768x509.webp 768w, https:\/\/destinia.com\/guides\/wp-content\/uploads\/2023\/01\/riotinto-spain-800x530.webp 800w, https:\/\/destinia.com\/guides\/wp-content\/uploads\/2023\/01\/riotinto-spain-1024x678.webp 1024w, https:\/\/destinia.com\/guides\/wp-content\/uploads\/2023\/01\/riotinto-spain-1200x795.webp 1200w, https:\/\/destinia.com\/guides\/wp-content\/uploads\/2023\/01\/riotinto-spain-1536x1018.webp 1536w, https:\/\/destinia.com\/guides\/wp-content\/uploads\/2023\/01\/riotinto-spain.webp 1920w\" data-sizes=\"auto\" data-orig-sizes=\"(max-width: 1920px) 100vw, 1920px\" \/><p id=\"caption-attachment-23518\" class=\"wp-caption-text\">Parque Mineiro Rio Tinto<\/p><\/div>\n<h2>Parque Do\u00f1ana<\/h2>\n<p>Uma visita ao Parque Nacional e Natural de Do\u00f1ana \u00e9 uma visita obrigat\u00f3ria para os turistas que desfrutam do grande ar livre e da natureza no seu melhor. Com uma vasta \u00e1rea de quase 110.000 hectares, toda ela protegida, faz parte do Patrim\u00f3nio Mundial da UNESCO e destaca-se pelos seus ricos ecossistemas e biodiversidade, que \u00e9 \u00fanica na Europa. Praias, lagoas, florestas, p\u00e2ntanos, colinas, matagais e dunas fixas e m\u00f3veis, tudo isto encontrar\u00e1 na sua visita ao Parque Do\u00f1ana, al\u00e9m de poder ver <strong>mais de 300 esp\u00e9cies de aves<\/strong> numa \u00e1rea que \u00e9 chave para as rotas migrat\u00f3rias de muitas delas.<\/p>\n<div id=\"attachment_23524\" style=\"width: 1930px\" class=\"wp-caption aligncenter\"><img decoding=\"async\" aria-describedby=\"caption-attachment-23524\" class=\"lazyload wp-image-23524 size-full\" src=\"https:\/\/destinia.com\/guides\/wp-content\/uploads\/2023\/01\/donana-natural-park-spain.webp\" data-orig-src=\"https:\/\/destinia.com\/guides\/wp-content\/uploads\/2023\/01\/donana-natural-park-spain.webp\" alt=\"Parque Nacional de Do\u00f1ana\" width=\"1920\" height=\"1281\" srcset=\"data:image\/svg+xml,%3Csvg%20xmlns%3D%27http%3A%2F%2Fwww.w3.org%2F2000%2Fsvg%27%20width%3D%271920%27%20height%3D%271281%27%20viewBox%3D%270%200%201920%201281%27%3E%3Crect%20width%3D%271920%27%20height%3D%271281%27%20fill-opacity%3D%220%22%2F%3E%3C%2Fsvg%3E\" data-srcset=\"https:\/\/destinia.com\/guides\/wp-content\/uploads\/2023\/01\/donana-natural-park-spain-200x133.webp 200w, https:\/\/destinia.com\/guides\/wp-content\/uploads\/2023\/01\/donana-natural-park-spain-300x200.webp 300w, https:\/\/destinia.com\/guides\/wp-content\/uploads\/2023\/01\/donana-natural-park-spain-400x267.webp 400w, https:\/\/destinia.com\/guides\/wp-content\/uploads\/2023\/01\/donana-natural-park-spain-600x400.webp 600w, https:\/\/destinia.com\/guides\/wp-content\/uploads\/2023\/01\/donana-natural-park-spain-768x512.webp 768w, https:\/\/destinia.com\/guides\/wp-content\/uploads\/2023\/01\/donana-natural-park-spain-800x534.webp 800w, https:\/\/destinia.com\/guides\/wp-content\/uploads\/2023\/01\/donana-natural-park-spain-1024x683.webp 1024w, https:\/\/destinia.com\/guides\/wp-content\/uploads\/2023\/01\/donana-natural-park-spain-1200x801.webp 1200w, https:\/\/destinia.com\/guides\/wp-content\/uploads\/2023\/01\/donana-natural-park-spain-1536x1025.webp 1536w, https:\/\/destinia.com\/guides\/wp-content\/uploads\/2023\/01\/donana-natural-park-spain.webp 1920w\" data-sizes=\"auto\" data-orig-sizes=\"(max-width: 1920px) 100vw, 1920px\" \/><p id=\"caption-attachment-23524\" class=\"wp-caption-text\">Parque Nacional de Do\u00f1ana<\/p><\/div>\n<h2>Castillo de las Guardas Reserva<\/h2>\n<p>\u00c9 um grande plano para fazer com a fam\u00edlia durante uma viagem de um dia a partir de Sevilha. A <a href=\"https:\/\/lareservadelcastillodelasguardas.com\/\" target=\"_blank\" rel=\"nofollow noopener\">reserva<\/a> est\u00e1 localizada a 50 km da cidade e \u00e9 um dos maiores parques de animais do continente europeu, com mais de 200 hectares de floresta e mais de 1000 esp\u00e9cimes de animais pertencentes a 100 esp\u00e9cies de todo o mundo. O passeio para os visitantes cobre um total de 15 quil\u00f3metros, que pode ser feito de carro ou no pr\u00f3prio comboio do parque, para observar os animais no seu ambiente e ver aves de rapina, le\u00f5es marinhos e cangurus, bem como outras atrac\u00e7\u00f5es, tais como  <i>karting<\/i>,  <i>paintball<\/i>  e piscinas.<\/p>\n<div id=\"attachment_23530\" style=\"width: 1930px\" class=\"wp-caption aligncenter\"><img decoding=\"async\" aria-describedby=\"caption-attachment-23530\" class=\"lazyload wp-image-23530 size-full\" src=\"https:\/\/destinia.com\/guides\/wp-content\/uploads\/2023\/01\/natural-reserve-the-castle-guards-seville.webp\" data-orig-src=\"https:\/\/destinia.com\/guides\/wp-content\/uploads\/2023\/01\/natural-reserve-the-castle-guards-seville.webp\" alt=\"Reserva Natural de Castillo de las Guardas\" width=\"1920\" height=\"1277\" srcset=\"data:image\/svg+xml,%3Csvg%20xmlns%3D%27http%3A%2F%2Fwww.w3.org%2F2000%2Fsvg%27%20width%3D%271920%27%20height%3D%271277%27%20viewBox%3D%270%200%201920%201277%27%3E%3Crect%20width%3D%271920%27%20height%3D%271277%27%20fill-opacity%3D%220%22%2F%3E%3C%2Fsvg%3E\" data-srcset=\"https:\/\/destinia.com\/guides\/wp-content\/uploads\/2023\/01\/natural-reserve-the-castle-guards-seville-200x133.webp 200w, https:\/\/destinia.com\/guides\/wp-content\/uploads\/2023\/01\/natural-reserve-the-castle-guards-seville-300x200.webp 300w, https:\/\/destinia.com\/guides\/wp-content\/uploads\/2023\/01\/natural-reserve-the-castle-guards-seville-400x266.webp 400w, https:\/\/destinia.com\/guides\/wp-content\/uploads\/2023\/01\/natural-reserve-the-castle-guards-seville-600x399.webp 600w, https:\/\/destinia.com\/guides\/wp-content\/uploads\/2023\/01\/natural-reserve-the-castle-guards-seville-768x511.webp 768w, https:\/\/destinia.com\/guides\/wp-content\/uploads\/2023\/01\/natural-reserve-the-castle-guards-seville-800x532.webp 800w, https:\/\/destinia.com\/guides\/wp-content\/uploads\/2023\/01\/natural-reserve-the-castle-guards-seville-1024x681.webp 1024w, https:\/\/destinia.com\/guides\/wp-content\/uploads\/2023\/01\/natural-reserve-the-castle-guards-seville-1200x798.webp 1200w, https:\/\/destinia.com\/guides\/wp-content\/uploads\/2023\/01\/natural-reserve-the-castle-guards-seville-1536x1022.webp 1536w, https:\/\/destinia.com\/guides\/wp-content\/uploads\/2023\/01\/natural-reserve-the-castle-guards-seville.webp 1920w\" data-sizes=\"auto\" data-orig-sizes=\"(max-width: 1920px) 100vw, 1920px\" \/><p id=\"caption-attachment-23530\" class=\"wp-caption-text\">Reserva Natural de Castillo de las Guardas<\/p><\/div>\n<h2>Dolmens da Idade do Bronze<\/h2>\n<p>A hist\u00f3ria de Sevilha e dos seus arredores \u00e9 inesgot\u00e1vel e a apenas 20 minutos de carro da cidade (com a op\u00e7\u00e3o de ir tamb\u00e9m de autocarro) est\u00e1 a Dolmen de la Pastora, um local que faz parte do  <strong>S\u00e9rie de d\u00f3lmenes da Idade do Bronze<\/strong>  e foi um dos maiores assentamentos populacionais do terceiro mil\u00e9nio a.C. Hoje \u00e9 um santu\u00e1rio megal\u00edtico completo de grandes dimens\u00f5es e os arque\u00f3logos afirmam que foi um local sagrado no seu apogeu. \u00c9 orientado para o p\u00f4r-do-sol e para os bens da sepultura pr\u00e9-hist\u00f3rica, podem-se ver flechas de pedra, colares de pedra e vasos de cer\u00e2mica.<\/p>\n<div id=\"attachment_23537\" style=\"width: 1930px\" class=\"wp-caption aligncenter\"><img decoding=\"async\" aria-describedby=\"caption-attachment-23537\" class=\"lazyload wp-image-23537 size-full\" src=\"https:\/\/destinia.com\/guides\/wp-content\/uploads\/2023\/01\/inside-domen.webp\" data-orig-src=\"https:\/\/destinia.com\/guides\/wp-content\/uploads\/2023\/01\/inside-domen.webp\" alt=\"Dolmens de Sevilha\" width=\"1920\" height=\"1280\" srcset=\"data:image\/svg+xml,%3Csvg%20xmlns%3D%27http%3A%2F%2Fwww.w3.org%2F2000%2Fsvg%27%20width%3D%271920%27%20height%3D%271280%27%20viewBox%3D%270%200%201920%201280%27%3E%3Crect%20width%3D%271920%27%20height%3D%271280%27%20fill-opacity%3D%220%22%2F%3E%3C%2Fsvg%3E\" data-srcset=\"https:\/\/destinia.com\/guides\/wp-content\/uploads\/2023\/01\/inside-domen-200x133.webp 200w, https:\/\/destinia.com\/guides\/wp-content\/uploads\/2023\/01\/inside-domen-300x200.webp 300w, https:\/\/destinia.com\/guides\/wp-content\/uploads\/2023\/01\/inside-domen-400x267.webp 400w, https:\/\/destinia.com\/guides\/wp-content\/uploads\/2023\/01\/inside-domen-600x400.webp 600w, https:\/\/destinia.com\/guides\/wp-content\/uploads\/2023\/01\/inside-domen-768x512.webp 768w, https:\/\/destinia.com\/guides\/wp-content\/uploads\/2023\/01\/inside-domen-800x533.webp 800w, https:\/\/destinia.com\/guides\/wp-content\/uploads\/2023\/01\/inside-domen-1024x683.webp 1024w, https:\/\/destinia.com\/guides\/wp-content\/uploads\/2023\/01\/inside-domen-1200x800.webp 1200w, https:\/\/destinia.com\/guides\/wp-content\/uploads\/2023\/01\/inside-domen-1536x1024.webp 1536w, https:\/\/destinia.com\/guides\/wp-content\/uploads\/2023\/01\/inside-domen.webp 1920w\" data-sizes=\"auto\" data-orig-sizes=\"(max-width: 1920px) 100vw, 1920px\" \/><p id=\"caption-attachment-23537\" class=\"wp-caption-text\">Dolmens de Sevilha<\/p><\/div>\n<h2>O encanto arquitect\u00f3nico do Mosteiro de San Isidoro<\/h2>\n<p>Muito perto de Sevilha, na cidade de Santiponce, est\u00e1 este mosteiro fundado em 1301 por Alonso P\u00e9rez de Guzm\u00e1n (mais conhecido pelo nome popular de Guzm\u00e1n el Bueno) e constru\u00eddo no local de um antigo eremit\u00e9rio mo\u00e7\u00e1rabe onde se cr\u00ea ter sido enterrado San Isidoro de Sevilha. O principal encanto deste mosteiro \u00e9 que alberga diferentes estilos arquitect\u00f3nicos \u00e0 medida que foi sendo renovado ao longo dos s\u00e9culos: g\u00f3tico medieval, renascentista, barroco, rococ\u00f3 e arquitectura neo-g\u00f3tica. Ideal para uma visita de lazer e para contemplar os detalhes do claustro, da sacristia, da casa capitular, do refeit\u00f3rio e das suas torres. As suas paredes apresentam uma colec\u00e7\u00e3o de frescos, telas e ret\u00e1bulos.<\/p>\n<div id=\"attachment_23543\" style=\"width: 1930px\" class=\"wp-caption aligncenter\"><img decoding=\"async\" aria-describedby=\"caption-attachment-23543\" class=\"lazyload wp-image-23543 size-full\" src=\"https:\/\/destinia.com\/guides\/wp-content\/uploads\/2023\/01\/monastery-san-isidoro-del-campo.webp\" data-orig-src=\"https:\/\/destinia.com\/guides\/wp-content\/uploads\/2023\/01\/monastery-san-isidoro-del-campo.webp\" alt=\"Mosteiro de San Isidoro del Campo\" width=\"1920\" height=\"1278\" srcset=\"data:image\/svg+xml,%3Csvg%20xmlns%3D%27http%3A%2F%2Fwww.w3.org%2F2000%2Fsvg%27%20width%3D%271920%27%20height%3D%271278%27%20viewBox%3D%270%200%201920%201278%27%3E%3Crect%20width%3D%271920%27%20height%3D%271278%27%20fill-opacity%3D%220%22%2F%3E%3C%2Fsvg%3E\" data-srcset=\"https:\/\/destinia.com\/guides\/wp-content\/uploads\/2023\/01\/monastery-san-isidoro-del-campo-200x133.webp 200w, https:\/\/destinia.com\/guides\/wp-content\/uploads\/2023\/01\/monastery-san-isidoro-del-campo-300x200.webp 300w, https:\/\/destinia.com\/guides\/wp-content\/uploads\/2023\/01\/monastery-san-isidoro-del-campo-400x266.webp 400w, https:\/\/destinia.com\/guides\/wp-content\/uploads\/2023\/01\/monastery-san-isidoro-del-campo-600x399.webp 600w, https:\/\/destinia.com\/guides\/wp-content\/uploads\/2023\/01\/monastery-san-isidoro-del-campo-768x511.webp 768w, https:\/\/destinia.com\/guides\/wp-content\/uploads\/2023\/01\/monastery-san-isidoro-del-campo-800x533.webp 800w, https:\/\/destinia.com\/guides\/wp-content\/uploads\/2023\/01\/monastery-san-isidoro-del-campo-1024x682.webp 1024w, https:\/\/destinia.com\/guides\/wp-content\/uploads\/2023\/01\/monastery-san-isidoro-del-campo-1200x799.webp 1200w, https:\/\/destinia.com\/guides\/wp-content\/uploads\/2023\/01\/monastery-san-isidoro-del-campo-1536x1022.webp 1536w, https:\/\/destinia.com\/guides\/wp-content\/uploads\/2023\/01\/monastery-san-isidoro-del-campo.webp 1920w\" data-sizes=\"auto\" data-orig-sizes=\"(max-width: 1920px) 100vw, 1920px\" \/><p id=\"caption-attachment-23543\" class=\"wp-caption-text\">Mosteiro de San Isidoro del Campo<\/p><\/div>\n<h2>Uma rota de Colombo atrav\u00e9s da viagem de Crist\u00f3v\u00e3o Colombo<\/h2>\n<p>\u00c9 uma experi\u00eancia empolgante refazer os vest\u00edgios de como a primeira viagem de Crist\u00f3v\u00e3o Colombo \u00e0 Am\u00e9rica foi planeada em 1492. E esta \u00e9 mais uma viagem de um dia que se pode fazer de Sevilha \u00e0 prov\u00edncia de Huelva em tr\u00eas pontos espec\u00edficos, muito pr\u00f3ximos um do outro: o mosteiro de Santa Clara em Moguer onde Colombo foi procurar o apoio da sua abadessa, a aldeia de Palos de la Frontera onde nasceram os famosos irm\u00e3os Pinz\u00f3n e onde se situava o famoso cais de onde partiram as caravelas e, finalmente, o Mosteiro de La R\u00e1bida, com uma grande riqueza arquitect\u00f3nica em estilo mud\u00e9jar e onde Colombo se encontrou com os seus colaboradores para planear a viagem.<\/p>\n<div id=\"attachment_23549\" style=\"width: 1930px\" class=\"wp-caption aligncenter\"><img decoding=\"async\" aria-describedby=\"caption-attachment-23549\" class=\"lazyload wp-image-23549 size-full\" src=\"https:\/\/destinia.com\/guides\/wp-content\/uploads\/2023\/01\/monastery-santa-maria-de-la-rabida.webp\" data-orig-src=\"https:\/\/destinia.com\/guides\/wp-content\/uploads\/2023\/01\/monastery-santa-maria-de-la-rabida.webp\" alt=\"Mosteiro de Santa Maria de La R\u00e1bida\" width=\"1920\" height=\"1280\" srcset=\"data:image\/svg+xml,%3Csvg%20xmlns%3D%27http%3A%2F%2Fwww.w3.org%2F2000%2Fsvg%27%20width%3D%271920%27%20height%3D%271280%27%20viewBox%3D%270%200%201920%201280%27%3E%3Crect%20width%3D%271920%27%20height%3D%271280%27%20fill-opacity%3D%220%22%2F%3E%3C%2Fsvg%3E\" data-srcset=\"https:\/\/destinia.com\/guides\/wp-content\/uploads\/2023\/01\/monastery-santa-maria-de-la-rabida-200x133.webp 200w, https:\/\/destinia.com\/guides\/wp-content\/uploads\/2023\/01\/monastery-santa-maria-de-la-rabida-300x200.webp 300w, https:\/\/destinia.com\/guides\/wp-content\/uploads\/2023\/01\/monastery-santa-maria-de-la-rabida-400x267.webp 400w, https:\/\/destinia.com\/guides\/wp-content\/uploads\/2023\/01\/monastery-santa-maria-de-la-rabida-600x400.webp 600w, https:\/\/destinia.com\/guides\/wp-content\/uploads\/2023\/01\/monastery-santa-maria-de-la-rabida-768x512.webp 768w, https:\/\/destinia.com\/guides\/wp-content\/uploads\/2023\/01\/monastery-santa-maria-de-la-rabida-800x533.webp 800w, https:\/\/destinia.com\/guides\/wp-content\/uploads\/2023\/01\/monastery-santa-maria-de-la-rabida-1024x683.webp 1024w, https:\/\/destinia.com\/guides\/wp-content\/uploads\/2023\/01\/monastery-santa-maria-de-la-rabida-1200x800.webp 1200w, https:\/\/destinia.com\/guides\/wp-content\/uploads\/2023\/01\/monastery-santa-maria-de-la-rabida-1536x1024.webp 1536w, https:\/\/destinia.com\/guides\/wp-content\/uploads\/2023\/01\/monastery-santa-maria-de-la-rabida.webp 1920w\" data-sizes=\"auto\" data-orig-sizes=\"(max-width: 1920px) 100vw, 1920px\" \/><p id=\"caption-attachment-23549\" class=\"wp-caption-text\">Mosteiro de Santa Maria de La R\u00e1bida<\/p><\/div>\n<h2>A riqueza geol\u00f3gica e paisag\u00edstica do Cerro del Hierro<\/h2>\n<p>A uma hora e meia de carro de Sevilha est\u00e1 o Parque Natural da Serra Norte com a j\u00f3ia do Cerro del Hierro, uma \u00e1rea mineira com um valor paisag\u00edstico e paisag\u00edstico \u00fanico, com pedra calc\u00e1ria com mais de 600 milh\u00f5es de anos. Como resultado da actividade mineira e da eros\u00e3o natural, as montanhas s\u00e3o muito interessantemente coloridas em tons de ocre, vermelho e cinzento. Desta forma, forma-se uma paisagem de caracter\u00edsticas muito \u00fanicas e fotograf\u00e1veis, perfeita para percursos pedestres entre pontes, t\u00faneis e galerias at\u00e9 se chegar aos miradouros.<\/p>\n<div id=\"attachment_23555\" style=\"width: 1930px\" class=\"wp-caption aligncenter\"><img decoding=\"async\" aria-describedby=\"caption-attachment-23555\" class=\"lazyload wp-image-23555 size-full\" src=\"https:\/\/destinia.com\/guides\/wp-content\/uploads\/2023\/01\/the-iron-hill-seville.webp\" data-orig-src=\"https:\/\/destinia.com\/guides\/wp-content\/uploads\/2023\/01\/the-iron-hill-seville.webp\" alt=\"Cerro del Hierro\" width=\"1920\" height=\"1440\" srcset=\"data:image\/svg+xml,%3Csvg%20xmlns%3D%27http%3A%2F%2Fwww.w3.org%2F2000%2Fsvg%27%20width%3D%271920%27%20height%3D%271440%27%20viewBox%3D%270%200%201920%201440%27%3E%3Crect%20width%3D%271920%27%20height%3D%271440%27%20fill-opacity%3D%220%22%2F%3E%3C%2Fsvg%3E\" data-srcset=\"https:\/\/destinia.com\/guides\/wp-content\/uploads\/2023\/01\/the-iron-hill-seville-200x150.webp 200w, https:\/\/destinia.com\/guides\/wp-content\/uploads\/2023\/01\/the-iron-hill-seville-300x225.webp 300w, https:\/\/destinia.com\/guides\/wp-content\/uploads\/2023\/01\/the-iron-hill-seville-400x300.webp 400w, https:\/\/destinia.com\/guides\/wp-content\/uploads\/2023\/01\/the-iron-hill-seville-600x450.webp 600w, https:\/\/destinia.com\/guides\/wp-content\/uploads\/2023\/01\/the-iron-hill-seville-768x576.webp 768w, https:\/\/destinia.com\/guides\/wp-content\/uploads\/2023\/01\/the-iron-hill-seville-800x600.webp 800w, https:\/\/destinia.com\/guides\/wp-content\/uploads\/2023\/01\/the-iron-hill-seville-1024x768.webp 1024w, https:\/\/destinia.com\/guides\/wp-content\/uploads\/2023\/01\/the-iron-hill-seville-1200x900.webp 1200w, https:\/\/destinia.com\/guides\/wp-content\/uploads\/2023\/01\/the-iron-hill-seville-1536x1152.webp 1536w, https:\/\/destinia.com\/guides\/wp-content\/uploads\/2023\/01\/the-iron-hill-seville.webp 1920w\" data-sizes=\"auto\" data-orig-sizes=\"(max-width: 1920px) 100vw, 1920px\" \/><p id=\"caption-attachment-23555\" class=\"wp-caption-text\">Cerro del Hierro<\/p><\/div>\n<h2>Setenil de las Bodegas e o encanto da cordilheira de C\u00e1dis<\/h2>\n<p>C\u00e1dis fica muito perto de Sevilha e estas escapadelas s\u00e3o geralmente concebidas para a zona da praia, mas h\u00e1 vida para al\u00e9m do mar e Setenil de las Bodegas \u00e9 a prova disso. \u00c9 uma bela aldeia localizada no meio das montanhas, a 1 hora e 40 minutos de carro de Sevilha. Um enclave pr\u00e9-hist\u00f3rico com muito encanto e cheio de trilhos de caminhadas para toda a fam\u00edlia desfrutar.<\/p>\n<div id=\"attachment_23561\" style=\"width: 1930px\" class=\"wp-caption aligncenter\"><img decoding=\"async\" aria-describedby=\"caption-attachment-23561\" class=\"lazyload wp-image-23561 size-full\" src=\"https:\/\/destinia.com\/guides\/wp-content\/uploads\/2023\/01\/setenil-de-las-bodegas-seville-spain.webp\" data-orig-src=\"https:\/\/destinia.com\/guides\/wp-content\/uploads\/2023\/01\/setenil-de-las-bodegas-seville-spain.webp\" alt=\"Setenil de las Bodegas\" width=\"1920\" height=\"1081\" srcset=\"data:image\/svg+xml,%3Csvg%20xmlns%3D%27http%3A%2F%2Fwww.w3.org%2F2000%2Fsvg%27%20width%3D%271920%27%20height%3D%271081%27%20viewBox%3D%270%200%201920%201081%27%3E%3Crect%20width%3D%271920%27%20height%3D%271081%27%20fill-opacity%3D%220%22%2F%3E%3C%2Fsvg%3E\" data-srcset=\"https:\/\/destinia.com\/guides\/wp-content\/uploads\/2023\/01\/setenil-de-las-bodegas-seville-spain-200x113.webp 200w, https:\/\/destinia.com\/guides\/wp-content\/uploads\/2023\/01\/setenil-de-las-bodegas-seville-spain-300x169.webp 300w, https:\/\/destinia.com\/guides\/wp-content\/uploads\/2023\/01\/setenil-de-las-bodegas-seville-spain-400x225.webp 400w, https:\/\/destinia.com\/guides\/wp-content\/uploads\/2023\/01\/setenil-de-las-bodegas-seville-spain-600x338.webp 600w, https:\/\/destinia.com\/guides\/wp-content\/uploads\/2023\/01\/setenil-de-las-bodegas-seville-spain-768x432.webp 768w, https:\/\/destinia.com\/guides\/wp-content\/uploads\/2023\/01\/setenil-de-las-bodegas-seville-spain-800x450.webp 800w, https:\/\/destinia.com\/guides\/wp-content\/uploads\/2023\/01\/setenil-de-las-bodegas-seville-spain-1024x577.webp 1024w, https:\/\/destinia.com\/guides\/wp-content\/uploads\/2023\/01\/setenil-de-las-bodegas-seville-spain-1200x676.webp 1200w, https:\/\/destinia.com\/guides\/wp-content\/uploads\/2023\/01\/setenil-de-las-bodegas-seville-spain-1536x865.webp 1536w, https:\/\/destinia.com\/guides\/wp-content\/uploads\/2023\/01\/setenil-de-las-bodegas-seville-spain.webp 1920w\" data-sizes=\"auto\" data-orig-sizes=\"(max-width: 1920px) 100vw, 1920px\" \/><p id=\"caption-attachment-23561\" class=\"wp-caption-text\">Setenil de las Bodegas<\/p><\/div>\n<h2>A gruta das maravilhas de Huelva<\/h2>\n<p>A uma hora e meia de Sevilha n\u00e3o h\u00e1 apenas hist\u00f3ria mas tamb\u00e9m muita pr\u00e9-hist\u00f3ria, exactamente na aldeia de Aracena, na prov\u00edncia de Huelva. L\u00e1 pode visitar a Gruta de las Maravillas, uma caverna localizada no centro da aldeia, que tem tr\u00eas n\u00edveis sobrepostos, perfazendo um total de 2.230 metros de galerias. O percurso permitido aos turistas \u00e9 de 1200 metros, mas \u00e9 mais do que suficiente para experimentar em primeira m\u00e3o como viveu o homem pr\u00e9-hist\u00f3rico.<\/p>\n<div id=\"attachment_23567\" style=\"width: 1930px\" class=\"wp-caption aligncenter\"><img decoding=\"async\" aria-describedby=\"caption-attachment-23567\" class=\"lazyload wp-image-23567 size-full\" src=\"https:\/\/destinia.com\/guides\/wp-content\/uploads\/2023\/01\/gruta-maravillas-huelva-spain.webp\" data-orig-src=\"https:\/\/destinia.com\/guides\/wp-content\/uploads\/2023\/01\/gruta-maravillas-huelva-spain.webp\" alt=\"Gruta das Maravilhas\" width=\"1920\" height=\"1283\" srcset=\"data:image\/svg+xml,%3Csvg%20xmlns%3D%27http%3A%2F%2Fwww.w3.org%2F2000%2Fsvg%27%20width%3D%271920%27%20height%3D%271283%27%20viewBox%3D%270%200%201920%201283%27%3E%3Crect%20width%3D%271920%27%20height%3D%271283%27%20fill-opacity%3D%220%22%2F%3E%3C%2Fsvg%3E\" data-srcset=\"https:\/\/destinia.com\/guides\/wp-content\/uploads\/2023\/01\/gruta-maravillas-huelva-spain-200x134.webp 200w, https:\/\/destinia.com\/guides\/wp-content\/uploads\/2023\/01\/gruta-maravillas-huelva-spain-300x200.webp 300w, https:\/\/destinia.com\/guides\/wp-content\/uploads\/2023\/01\/gruta-maravillas-huelva-spain-400x267.webp 400w, https:\/\/destinia.com\/guides\/wp-content\/uploads\/2023\/01\/gruta-maravillas-huelva-spain-600x401.webp 600w, https:\/\/destinia.com\/guides\/wp-content\/uploads\/2023\/01\/gruta-maravillas-huelva-spain-768x513.webp 768w, https:\/\/destinia.com\/guides\/wp-content\/uploads\/2023\/01\/gruta-maravillas-huelva-spain-800x535.webp 800w, https:\/\/destinia.com\/guides\/wp-content\/uploads\/2023\/01\/gruta-maravillas-huelva-spain-1024x684.webp 1024w, https:\/\/destinia.com\/guides\/wp-content\/uploads\/2023\/01\/gruta-maravillas-huelva-spain-1200x802.webp 1200w, https:\/\/destinia.com\/guides\/wp-content\/uploads\/2023\/01\/gruta-maravillas-huelva-spain-1536x1026.webp 1536w, https:\/\/destinia.com\/guides\/wp-content\/uploads\/2023\/01\/gruta-maravillas-huelva-spain.webp 1920w\" data-sizes=\"auto\" data-orig-sizes=\"(max-width: 1920px) 100vw, 1920px\" \/><p id=\"caption-attachment-23567\" class=\"wp-caption-text\">Gruta das Maravilhas<\/p><\/div>\n","protected":false},"excerpt":{"rendered":"<p>A cidade de Sevilha est\u00e1 pr\u00f3xima de cidades e vilas com muita hist\u00f3ria e uma geografia muito variada de zonas rurais, praias e montanhas. Uma variedade e riqueza \u00fanicas para [&hellip;]<\/p>\n","protected":false},"author":4,"featured_media":17200,"comment_status":"closed","ping_status":"closed","sticky":false,"template":"","format":"standard","meta":{"_acf_changed":false,"footnotes":""},"categories":[152],"tags":[292],"class_list":["post-17600","post","type-post","status-publish","format-standard","has-post-thumbnail","hentry","category-sevilha-pt","tag-seville-plans"],"acf":[],"_links":{"self":[{"href":"https:\/\/destinia.com\/guides\/pt-pt\/wp-json\/wp\/v2\/posts\/17600","targetHints":{"allow":["GET"]}}],"collection":[{"href":"https:\/\/destinia.com\/guides\/pt-pt\/wp-json\/wp\/v2\/posts"}],"about":[{"href":"https:\/\/destinia.com\/guides\/pt-pt\/wp-json\/wp\/v2\/types\/post"}],"author":[{"embeddable":true,"href":"https:\/\/destinia.com\/guides\/pt-pt\/wp-json\/wp\/v2\/users\/4"}],"replies":[{"embeddable":true,"href":"https:\/\/destinia.com\/guides\/pt-pt\/wp-json\/wp\/v2\/comments?post=17600"}],"version-history":[{"count":4,"href":"https:\/\/destinia.com\/guides\/pt-pt\/wp-json\/wp\/v2\/posts\/17600\/revisions"}],"predecessor-version":[{"id":54085,"href":"https:\/\/destinia.com\/guides\/pt-pt\/wp-json\/wp\/v2\/posts\/17600\/revisions\/54085"}],"wp:featuredmedia":[{"embeddable":true,"href":"https:\/\/destinia.com\/guides\/pt-pt\/wp-json\/wp\/v2\/media\/17200"}],"wp:attachment":[{"href":"https:\/\/destinia.com\/guides\/pt-pt\/wp-json\/wp\/v2\/media?parent=17600"}],"wp:term":[{"taxonomy":"category","embeddable":true,"href":"https:\/\/destinia.com\/guides\/pt-pt\/wp-json\/wp\/v2\/categories?post=17600"},{"taxonomy":"post_tag","embeddable":true,"href":"https:\/\/destinia.com\/guides\/pt-pt\/wp-json\/wp\/v2\/tags?post=17600"}],"curies":[{"name":"wp","href":"https:\/\/api.w.org\/{rel}","templated":true}]}}